{"id":1102,"date":"2023-04-27T11:46:40","date_gmt":"2023-04-27T09:46:40","guid":{"rendered":"https:\/\/wordpress2162532.home.pl\/sp60\/?p=1102"},"modified":"2023-04-27T11:51:21","modified_gmt":"2023-04-27T09:51:21","slug":"wazne-informacje-dla-rodzicow","status":"publish","type":"post","link":"https:\/\/wordpress2162532.home.pl\/sp60\/index.php\/2023\/04\/27\/wazne-informacje-dla-rodzicow\/","title":{"rendered":"Wa\u017cne informacje dla rodzic\u00f3w."},"content":{"rendered":"\n<p>W dniach egzaminu \u00f3smoklasist\u00f3w (23-25 maja 2023r.) zostaj\u0105 odwo\u0142ane zaj\u0119cia lekcyjne dla klas 1-7, zaj\u0119cia opieku\u0144cze w \u015bwietlicy w tych dniach odbywa\u0107 si\u0119 b\u0119d\u0105 wed\u0142ug normalnego planu.<\/p>\n\n\n\n<p>Dzie\u0144 26 maja 2023r. jest r\u00f3wnie\u017c dniem wolnym od zaj\u0119\u0107 lekcyjnych dla wszystkich klas (na podstawie zarz\u0105dzenia dyrektora szko\u0142y), chocia\u017c nie zosta\u0142 uj\u0119ty w kalendarium szko\u0142y, zaj\u0119cia opieku\u0144cze w \u015bwietlicy w tym dniu odbywa\u0107 si\u0119 b\u0119d\u0105 wed\u0142ug normalnego planu.<\/p>\n\n\n\n<p>Obiady b\u0119d\u0105 wydawane wy\u0142\u0105cznie w sto\u0142\u00f3wce przy ul. Glinki, w dniach 23-25 maja 2023r. w godzinach: 13.30 &#8211; 14.30, a w dniu 26 maja 2023r. w godzinach: 12.00-13.00.<\/p>\n","protected":false},"excerpt":{"rendered":"<p>W dniach egzaminu \u00f3smoklasist\u00f3w (23-25 maja 2023r.) zostaj\u0105 odwo\u0142ane zaj\u0119cia lekcyjne dla klas 1-7, zaj\u0119cia opieku\u0144cze w \u015bwietlicy w tych dniach odbywa\u0107 si\u0119 b\u0119d\u0105 wed\u0142ug normalnego planu. Dzie\u0144 26 maja 2023r. jest r\u00f3wnie\u017c dniem wolnym od zaj\u0119\u0107 lekcyjnych dla wszystkich klas (na podstawie zarz\u0105dzenia dyrektora szko\u0142y), chocia\u017c nie zosta\u0142 uj\u0119ty [&hellip;]<\/p>\n","protected":false},"author":1,"featured_media":1105,"comment_status":"open","ping_status":"open","sticky":false,"template":"","format":"standard","meta":{"two_page_speed":[],"footnotes":""},"categories":[19],"tags":[],"class_list":["post-1102","post","type-post","status-publish","format-standard","has-post-thumbnail","hentry","category-z-zycia-szkoly"],"_links":{"self":[{"href":"https:\/\/wordpress2162532.home.pl\/sp60\/index.php\/wp-json\/wp\/v2\/posts\/1102","targetHints":{"allow":["GET"]}}],"collection":[{"href":"https:\/\/wordpress2162532.home.pl\/sp60\/index.php\/wp-json\/wp\/v2\/posts"}],"about":[{"href":"https:\/\/wordpress2162532.home.pl\/sp60\/index.php\/wp-json\/wp\/v2\/types\/post"}],"author":[{"embeddable":true,"href":"https:\/\/wordpress2162532.home.pl\/sp60\/index.php\/wp-json\/wp\/v2\/users\/1"}],"replies":[{"embeddable":true,"href":"https:\/\/wordpress2162532.home.pl\/sp60\/index.php\/wp-json\/wp\/v2\/comments?post=1102"}],"version-history":[{"count":1,"href":"https:\/\/wordpress2162532.home.pl\/sp60\/index.php\/wp-json\/wp\/v2\/posts\/1102\/revisions"}],"predecessor-version":[{"id":1103,"href":"https:\/\/wordpress2162532.home.pl\/sp60\/index.php\/wp-json\/wp\/v2\/posts\/1102\/revisions\/1103"}],"wp:featuredmedia":[{"embeddable":true,"href":"https:\/\/wordpress2162532.home.pl\/sp60\/index.php\/wp-json\/wp\/v2\/media\/1105"}],"wp:attachment":[{"href":"https:\/\/wordpress2162532.home.pl\/sp60\/index.php\/wp-json\/wp\/v2\/media?parent=1102"}],"wp:term":[{"taxonomy":"category","embeddable":true,"href":"https:\/\/wordpress2162532.home.pl\/sp60\/index.php\/wp-json\/wp\/v2\/categories?post=1102"},{"taxonomy":"post_tag","embeddable":true,"href":"https:\/\/wordpress2162532.home.pl\/sp60\/index.php\/wp-json\/wp\/v2\/tags?post=1102"}],"curies":[{"name":"wp","href":"https:\/\/api.w.org\/{rel}","templated":true}]}}